{"id":871,"date":"2021-08-03T08:28:26","date_gmt":"2021-08-03T06:28:26","guid":{"rendered":"https:\/\/www.platanenpower.de\/?p=871"},"modified":"2021-08-03T11:37:02","modified_gmt":"2021-08-03T09:37:02","slug":"einladung-zum-nachbarschaftsfest","status":"publish","type":"post","link":"https:\/\/www.platanenpower.de\/index.php\/2021\/08\/03\/einladung-zum-nachbarschaftsfest\/","title":{"rendered":"Einladung zum Nachbarschaftsfest"},"content":{"rendered":"\n<p>Hallo liebe Nachbarn und Nachbarinnen,<\/p>\n\n\n\n<p>am 18. September m\u00f6chten wir unter Einhaltung der Coronaschutzverordnung unser Nachbarschaftsfest auf dem Hansaplatz wieder mit euch feiern. Wir freuen uns sehr darauf.<\/p>\n\n\n\n<p>Wir hoffen, dass die 7-Tage-Inzidenz 35 oder weniger sein wird. Wir haben dazu ein entsprechendes Hygienekonzept erarbeitet und genehmigt bekommen.<\/p>\n\n\n\n<p>Auf dem Fest gelten die allgemeinen AHA-Regeln. &nbsp;Einlass erfolgt nur f\u00fcr diejenigen, die mindestens eine der drei folgenden Kriterien erf\u00fcllen: negativer Corona Test, der innerhalb der letzten 24 Stunden vor Betreten des Festgel\u00e4ndes durchgef\u00fchrt wurde, oder Personen mit vollst\u00e4ndiger Impfung, oder Genesene, die innerhalb der vergangenen sechs Monate Corona hatten<\/p>\n\n\n\n<p>\u00dcber das genauere Musik- und Kulturprogramm informieren wir in den n\u00e4chsten Wochen.<\/p>\n\n\n\n<figure class=\"wp-block-image size-large\"><img loading=\"lazy\" decoding=\"async\" width=\"733\" height=\"1024\" src=\"https:\/\/www.platanenpower.de\/wp-content\/uploads\/2021\/08\/2021_flyer_nachbarschaft_c6_2-733x1024.jpg\" alt=\"\" class=\"wp-image-873\" srcset=\"https:\/\/www.platanenpower.de\/wp-content\/uploads\/2021\/08\/2021_flyer_nachbarschaft_c6_2-733x1024.jpg 733w, https:\/\/www.platanenpower.de\/wp-content\/uploads\/2021\/08\/2021_flyer_nachbarschaft_c6_2-215x300.jpg 215w, https:\/\/www.platanenpower.de\/wp-content\/uploads\/2021\/08\/2021_flyer_nachbarschaft_c6_2-768x1073.jpg 768w, https:\/\/www.platanenpower.de\/wp-content\/uploads\/2021\/08\/2021_flyer_nachbarschaft_c6_2-1100x1536.jpg 1100w, https:\/\/www.platanenpower.de\/wp-content\/uploads\/2021\/08\/2021_flyer_nachbarschaft_c6_2.jpg 1273w\" sizes=\"auto, (max-width: 733px) 100vw, 733px\" \/><\/figure>\n","protected":false},"excerpt":{"rendered":"<p>Hallo liebe Nachbarn und Nachbarinnen, am 18. September m\u00f6chten wir unter Einhaltung der Coronaschutzverordnung unser Nachbarschaftsfest auf dem Hansaplatz wieder mit euch feiern. Wir freuen uns sehr darauf. Wir hoffen, dass die 7-Tage-Inzidenz 35 oder weniger sein wird. Wir haben dazu ein entsprechendes Hygienekonzept erarbeitet und genehmigt bekommen. Auf dem Fest gelten die allgemeinen AHA-Regeln. [&hellip;]<\/p>\n","protected":false},"author":5,"featured_media":0,"comment_status":"closed","ping_status":"closed","sticky":false,"template":"","format":"standard","meta":{"ngg_post_thumbnail":0,"footnotes":""},"categories":[1],"tags":[],"class_list":["post-871","post","type-post","status-publish","format-standard","hentry","category-allgemein"],"_links":{"self":[{"href":"https:\/\/www.platanenpower.de\/index.php\/wp-json\/wp\/v2\/posts\/871","targetHints":{"allow":["GET"]}}],"collection":[{"href":"https:\/\/www.platanenpower.de\/index.php\/wp-json\/wp\/v2\/posts"}],"about":[{"href":"https:\/\/www.platanenpower.de\/index.php\/wp-json\/wp\/v2\/types\/post"}],"author":[{"embeddable":true,"href":"https:\/\/www.platanenpower.de\/index.php\/wp-json\/wp\/v2\/users\/5"}],"replies":[{"embeddable":true,"href":"https:\/\/www.platanenpower.de\/index.php\/wp-json\/wp\/v2\/comments?post=871"}],"version-history":[{"count":0,"href":"https:\/\/www.platanenpower.de\/index.php\/wp-json\/wp\/v2\/posts\/871\/revisions"}],"wp:attachment":[{"href":"https:\/\/www.platanenpower.de\/index.php\/wp-json\/wp\/v2\/media?parent=871"}],"wp:term":[{"taxonomy":"category","embeddable":true,"href":"https:\/\/www.platanenpower.de\/index.php\/wp-json\/wp\/v2\/categories?post=871"},{"taxonomy":"post_tag","embeddable":true,"href":"https:\/\/www.platanenpower.de\/index.php\/wp-json\/wp\/v2\/tags?post=871"}],"curies":[{"name":"wp","href":"https:\/\/api.w.org\/{rel}","templated":true}]}}