{"id":803,"date":"2021-02-01T16:02:16","date_gmt":"2021-02-01T15:02:16","guid":{"rendered":"https:\/\/www.platanenpower.de\/?p=803"},"modified":"2021-02-02T16:32:42","modified_gmt":"2021-02-02T15:32:42","slug":"pm-zum-offenen-brief-an-die-stadtwerke","status":"publish","type":"post","link":"https:\/\/www.platanenpower.de\/index.php\/2021\/02\/01\/pm-zum-offenen-brief-an-die-stadtwerke\/","title":{"rendered":"PM zum offenen Brief an die Stadtwerke"},"content":{"rendered":"\n<p><strong>Offener Brief der Nachbarschaftsinitiative Platanenpower an die Stadtwerke zur geplanten Bauma\u00dfnahme an der Bremer Stra\u00dfe<\/strong><\/p>\n\n\n\n<p>Die Nachbarschaftsinitiative Platanenpower zeigt sich in einem offenen Brief an die Stadtwerke M\u00fcnster entt\u00e4uscht \u00fcber die Informationspolitik zur bevorstehenden Bauma\u00dfnahme an der Bremer Stra\u00dfe .<\/p>\n\n\n\n<p>Es handelt sich um eine Bauma\u00dfnahme an sehr zentraler Stelle in M\u00fcnster, die sich \u00fcber fast f\u00fcnf Jahre hinziehen wird, Baumf\u00e4llungen vorsieht, und mit erheblichen Einschr\u00e4nkungen f\u00fcr die Anwohner:innen einhergeht.<\/p>\n\n\n\n<p>Nach einer sehr kurzfristig angek\u00fcndigten Information fand am Mittwoch dieser Woche um 16:00h eine Informationsveranstaltung statt. Vielen Anwohner:innen war es nicht m\u00f6glich an der Veranstaltung teilzunehmen durch den extrem kurzen Vorlauf und der Terminierung. Um 16:00h waren die meisten Anwohner:innen noch beruflich eingebunden, beziehungsweise befanden sie sich auf dem Heimweg.<\/p>\n\n\n\n<p>Eine offene Diskussion wurde schon dadurch nicht erm\u00f6glicht, dass die Stadtwerke auf einer Pr\u00e4sentationsfolie bekannt gab, dass \u201eFragen werden erst allen angezeigt, nachdem ein Moderator sie genehmigt hat\u201c (eingeblendeter Hinweis in der Videokonferenz). Diese Vorgehensweise entspricht nicht den Prinzipien einer freien Meinungs\u00e4u\u00dferung.<\/p>\n\n\n\n<p>Nach dieser Informationsveranstaltung muss ausreichend Zeit verbleiben, um auf Basis der geplanten Bauma\u00dfnahme rechtzeitig Nachfragen stellen zu k\u00f6nnen. Daher fordert die Nachbarschaftsinitiative Platanenpower eine zeitnahe weitere Informationsveranstaltung, die von einem\/r externen Moderator\/in geleitet wird, bevor die Bauma\u00dfnahme eingeleitet wird und die Anwohner vor vollendete Tatsachen gesetzt werden.<\/p>\n\n\n\n<p>Die Nachbarschaftsinitiative Platanenpower erhofft sich, dass die Eskalation sich nicht wiederholt, die 2018 im Rahmen der Baumf\u00e4llung auf dem Hansaring entstand.<\/p>\n","protected":false},"excerpt":{"rendered":"<p>Offener Brief der Nachbarschaftsinitiative Platanenpower an die Stadtwerke zur geplanten Bauma\u00dfnahme an der Bremer Stra\u00dfe Die Nachbarschaftsinitiative Platanenpower zeigt sich in einem offenen Brief an die Stadtwerke M\u00fcnster entt\u00e4uscht \u00fcber die Informationspolitik zur bevorstehenden Bauma\u00dfnahme an der Bremer Stra\u00dfe . Es handelt sich um eine Bauma\u00dfnahme an sehr zentraler Stelle in M\u00fcnster, die sich \u00fcber [&hellip;]<\/p>\n","protected":false},"author":13,"featured_media":0,"comment_status":"closed","ping_status":"closed","sticky":false,"template":"","format":"standard","meta":{"ngg_post_thumbnail":0,"footnotes":""},"categories":[1],"tags":[],"class_list":["post-803","post","type-post","status-publish","format-standard","hentry","category-allgemein"],"_links":{"self":[{"href":"https:\/\/www.platanenpower.de\/index.php\/wp-json\/wp\/v2\/posts\/803","targetHints":{"allow":["GET"]}}],"collection":[{"href":"https:\/\/www.platanenpower.de\/index.php\/wp-json\/wp\/v2\/posts"}],"about":[{"href":"https:\/\/www.platanenpower.de\/index.php\/wp-json\/wp\/v2\/types\/post"}],"author":[{"embeddable":true,"href":"https:\/\/www.platanenpower.de\/index.php\/wp-json\/wp\/v2\/users\/13"}],"replies":[{"embeddable":true,"href":"https:\/\/www.platanenpower.de\/index.php\/wp-json\/wp\/v2\/comments?post=803"}],"version-history":[{"count":0,"href":"https:\/\/www.platanenpower.de\/index.php\/wp-json\/wp\/v2\/posts\/803\/revisions"}],"wp:attachment":[{"href":"https:\/\/www.platanenpower.de\/index.php\/wp-json\/wp\/v2\/media?parent=803"}],"wp:term":[{"taxonomy":"category","embeddable":true,"href":"https:\/\/www.platanenpower.de\/index.php\/wp-json\/wp\/v2\/categories?post=803"},{"taxonomy":"post_tag","embeddable":true,"href":"https:\/\/www.platanenpower.de\/index.php\/wp-json\/wp\/v2\/tags?post=803"}],"curies":[{"name":"wp","href":"https:\/\/api.w.org\/{rel}","templated":true}]}}