{"id":800,"date":"2021-02-01T16:00:50","date_gmt":"2021-02-01T15:00:50","guid":{"rendered":"https:\/\/www.platanenpower.de\/?p=800"},"modified":"2021-02-01T16:00:51","modified_gmt":"2021-02-01T15:00:51","slug":"offener-brief-der-nachbarschaftsinitiative-platanenpower-an-die-stadtwerke","status":"publish","type":"post","link":"https:\/\/www.platanenpower.de\/index.php\/2021\/02\/01\/offener-brief-der-nachbarschaftsinitiative-platanenpower-an-die-stadtwerke\/","title":{"rendered":"Offener Brief der Nachbarschaftsinitiative Platanenpower an die Stadtwerke"},"content":{"rendered":"\n<p>Sehr geehrte Damen und Herren,<br>wir, die Nachbarschaftsinitiative Platanenpower, schreiben Ihnen wegen der Bauma\u00dfnahme an der Bremer Stra\u00dfe und der diesbez\u00fcglichen Informationsveranstaltung.<br>Wie zu erfahren war, geht es um eine Bauma\u00dfnahme an sehr zentraler Stelle in M\u00fcnster, die sich \u00fcber fast f\u00fcnf Jahre hinziehen wird und mit nicht unerheblichen Einschr\u00e4nkungen f\u00fcr die Anwohnerinnen und Anwohner einhergeht.<br>Die Planungen f\u00fcr solch ein Vorhaben werden sicherlich viele Monate, wenn nicht mehr als ein Jahr, in Anspruch genommen haben.<\/p>\n\n\n\n<p><br>Vor diesem Hintergrund m\u00f6chten wir unserer Verwunderung und Ver\u00e4rgerung Ausdruck verleihen \u00fcber folgenden Zeitablauf:<\/p>\n\n\n\n<ul class=\"wp-block-list\"><li>Montag, 25. Januar \u00b421: Information der Stadt M\u00fcnster<\/li><li>Mittwoch, 27. Januar \u00b421: Informationsveranstaltung der Stadtwerke M\u00fcnster<\/li><li>ab Montag, 1. Februar \u00b421: Baumf\u00e4llungen m\u00f6glich!<\/li><\/ul>\n\n\n\n<p>Das hei\u00dft: Eine solch lange und einschneidende Bauma\u00dfnahme mit langem Vorlauf wird den B\u00fcrgerinnen und B\u00fcrgern so kurzfristig mitgeteilt?! Das kann nicht Ihr Ernst sein.<br>Es gibt zwar aktuell schon eine kleine Baugrube am Bremer Platz. Die B\u00fcrgerinnen und B\u00fcrger k\u00f6nnen einer kleinen Baustelle aber nat\u00fcrlich nicht ansehen, ob es eine kleine Einzelma\u00dfnahme ist oder Beginn eines sehr gro\u00dfen Projektes.<br>Nicht nur der extrem kurze Vorlauf f\u00fcr die Infoveranstaltung verhinderten eine rege Beteiligung durch die Anwohnerinnen und Anwohner, sondern auch die Startzeit (16:00 Uhr), an der viele arbeiten m\u00fcssen oder sich auf dem Heimweg befinden.<br>Eine tiefergehende Diskussion wurde zudem dadurch erschwert, dass im Vorfeld der Veranstaltung keinerlei Infomaterial zur Verf\u00fcgung gestellt wurde. Dadurch war eine Vorbereitung auf die Pr\u00e4sentation nicht m\u00f6glich und die Teilnehmer_innen waren gen\u00f6tigt, sich in dem Moment Fragen zu einem Punkt zu \u00fcberlegen, in dem sie davon erfahren haben.<br>Folgendes rundet das Bild der Veranstaltung ab:<br>\u201eFragen werden erst allen angezeigt, nachdem ein Moderator sie genehmigt hat.\u201c<br>Wir hoffen, dass die Situation nicht eskaliert, wie 2018 im Rahmen der Baumf\u00e4llung auf dem Hansaring.<br>Daher fordern wir zeitnah eine weitere Informationsveranstaltung, die von einem\/r externen Moderator\/in geleitet wird.<br><\/p>\n\n\n\n<p>Mit trotzdem freundlichem Gru\u00df<br><\/p>\n\n\n\n<p>Nachbarschaftsinitiative Platanenpower<\/p>\n","protected":false},"excerpt":{"rendered":"<p>Sehr geehrte Damen und Herren,wir, die Nachbarschaftsinitiative Platanenpower, schreiben Ihnen wegen der Bauma\u00dfnahme an der Bremer Stra\u00dfe und der diesbez\u00fcglichen Informationsveranstaltung.Wie zu erfahren war, geht es um eine Bauma\u00dfnahme an sehr zentraler Stelle in M\u00fcnster, die sich \u00fcber fast f\u00fcnf Jahre hinziehen wird und mit nicht unerheblichen Einschr\u00e4nkungen f\u00fcr die Anwohnerinnen und Anwohner einhergeht.Die Planungen [&hellip;]<\/p>\n","protected":false},"author":13,"featured_media":0,"comment_status":"closed","ping_status":"closed","sticky":false,"template":"","format":"standard","meta":{"ngg_post_thumbnail":0,"footnotes":""},"categories":[1],"tags":[],"class_list":["post-800","post","type-post","status-publish","format-standard","hentry","category-allgemein"],"_links":{"self":[{"href":"https:\/\/www.platanenpower.de\/index.php\/wp-json\/wp\/v2\/posts\/800","targetHints":{"allow":["GET"]}}],"collection":[{"href":"https:\/\/www.platanenpower.de\/index.php\/wp-json\/wp\/v2\/posts"}],"about":[{"href":"https:\/\/www.platanenpower.de\/index.php\/wp-json\/wp\/v2\/types\/post"}],"author":[{"embeddable":true,"href":"https:\/\/www.platanenpower.de\/index.php\/wp-json\/wp\/v2\/users\/13"}],"replies":[{"embeddable":true,"href":"https:\/\/www.platanenpower.de\/index.php\/wp-json\/wp\/v2\/comments?post=800"}],"version-history":[{"count":0,"href":"https:\/\/www.platanenpower.de\/index.php\/wp-json\/wp\/v2\/posts\/800\/revisions"}],"wp:attachment":[{"href":"https:\/\/www.platanenpower.de\/index.php\/wp-json\/wp\/v2\/media?parent=800"}],"wp:term":[{"taxonomy":"category","embeddable":true,"href":"https:\/\/www.platanenpower.de\/index.php\/wp-json\/wp\/v2\/categories?post=800"},{"taxonomy":"post_tag","embeddable":true,"href":"https:\/\/www.platanenpower.de\/index.php\/wp-json\/wp\/v2\/tags?post=800"}],"curies":[{"name":"wp","href":"https:\/\/api.w.org\/{rel}","templated":true}]}}