{"id":740,"date":"2020-08-23T21:58:31","date_gmt":"2020-08-23T19:58:31","guid":{"rendered":"https:\/\/www.platanenpower.de\/?p=740"},"modified":"2020-08-23T21:58:33","modified_gmt":"2020-08-23T19:58:33","slug":"demo-am-26-08-16-uhr-vor-der-halle-muensterland","status":"publish","type":"post","link":"https:\/\/www.platanenpower.de\/index.php\/2020\/08\/23\/demo-am-26-08-16-uhr-vor-der-halle-muensterland\/","title":{"rendered":"Demo am 26.08., 16 Uhr, vor der Halle M\u00fcnsterland"},"content":{"rendered":"\n<p>Platanenpower solidarisiert sich mit dem Demoaufruf des TuS Saxonia M\u00fcnster und ruft zur Teilnahme an folgender Veranstaltung auf:<\/p>\n\n\n\n<p><strong>Pressemitteilung des TuS Saxonia M\u00fcnster von 1883 e.V.<\/strong><\/p>\n\n\n\n<p class=\"has-text-align-left\">Der Vorstand des TuS Saxonia M\u00fcnster von 1883 e.V. l\u00e4dt am Mittwoch, dem 26.08.2020, ab 16 Uhr im Vorfeld der an diesem Abend stattfindenden letzten Ratssitzung vor der Kommunalwahl die Vertreterinnen und Vertreter aus Rundfunk und Presse zur Berichterstattung \u00fcber dieDemonstration gegen die Stadtteilplanungen der SPD M\u00fcnster vor die Halle M\u00fcnsterland ein. Unterst\u00fctzt werden die Sportlerinnen und Sportlerdabei von den benachbarten Kleingartenvereinen sowie weiteren Sportvereinen aus dem Stadtgebiet. Es ist eine breit aufgestellte, vereins\u00fcbergreifende Interessenkoalition, die gemeinsam gegen die von der Spitze der SPD-Ratsfraktion in M\u00fcnster, Dr. Michael Jung und seinem Stellvertreter Matthias Kersting, im Juni vorgestellten Pl\u00e4ne zur Schaffung eines neuen Stadtteils Stellung bezieht. Die Sportlerinnen und Sportler des TuS Saxonia wehren sich gegen die Vorstellungen der SPD, nach denen unter anderem das derzeitige Vereinsgel\u00e4nde der Saxonen \u00fcberbaut und die Sportanlagen an einen neuen, bislang noch unbekannten Standort verlagert werden sollen.Der Vorstand des TuS Saxonia M\u00fcnster verweist auf die damit verbundene gro\u00dfe Gefahrf\u00fcr die bisherige breitensportliche und integrativeAusrichtung des Vereins mit seiner aus Kindern, Jugendlichen und Erwachsenen der umliegenden Stadtviertel zusammengesetzten Mitgliederstruktur und sieht den Bestand eines der \u00e4ltesten Sportvereine M\u00fcnster mit derzeit ca. 900 Mitgliedern massiv gef\u00e4hrdet. Die Bebauungspl\u00e4ne der SPD sto\u00dfen auch deshalb auf Unverst\u00e4ndnis, weil derzeit mit viel ehrenamtlichem Engagement und einem hohen Betrag aus Steuergeldern in die Verbesserung der bestehenden Sportanlagen investiert wird. Der Protest der Saxonen gegen die Bebauungspl\u00e4newirddabeivon den benachbarten Kleingartenvereinen in vollem Umfang unterst\u00fctzt. Diese hatten bereits im Juni massiv gegen die Planungen der SPD-Fraktionsspitze zur Errichtung eines neuen Stadtteils Stellung bezogen. Waren zum Zeitpunkt der urspr\u00fcnglichen Ver\u00f6ffentlichung noch die Kleingartenanlagen zwischen Dortmund-Ems-Kanal und Umgehungsstra\u00dfe als Standorte f\u00fcr die Bebauungspl\u00e4ne der SPD vorgesehen, so schwenkten OB-Kandidat Michael Jung und die SPD schlie\u00dflich um und beabsichtigen seitdem, das Vereinsgel\u00e4nde des TuS  Saxonia zu \u00fcberbauen. Der andauernde Protest der Kleingartenvereine begr\u00fcndet sich unter anderem damit, dass durch die Bebauung langfristig nachteilige Folgen f\u00fcr Natur und Klima sowie die Bev\u00f6lkerung der Stadt M\u00fcnster erwartet werden. Die Unterbrechung der Frischluftschneise, die massive Verdichtung und \u00f6kologische Entwertung weiterer Gr\u00fcnfl\u00e4chen und das zu bef\u00fcrchtende verst\u00e4rkte Verkehrsaufkommen gef\u00e4hrden nach \u00dcberzeugung der Kleingartenvereine das bisherige Engagement f\u00fcr Naturschutz und Naherholung tausender engagierter Kleing\u00e4rtnerinnen und Kleing\u00e4rtner. Im Rahmen der Demonstration stehen die Vorsitzenden des TuS Saxonia M\u00fcnster, Ralf Feldhaus, und stellvertretend f\u00fcr die Kleingartenvereine der Vorsitzende der IG Kleine Dahlkamp, Hans Baumann, f\u00fcr Gespr\u00e4che mit Vertreterinnen und Vertretern von Presse und Rundfunk zur Verf\u00fcgung. Ab 15.30 Uhr sind beide direkt neben der Kartenvorverkaufsstelle der Halle M\u00fcnsterland zu finden. Sofern bereits vorab Informationen zu den Zielen der Demonstration erfragt werden sollen, stehen wir Ihnen gerne zur Verf\u00fcgung.<\/p>\n","protected":false},"excerpt":{"rendered":"<p>Platanenpower solidarisiert sich mit dem Demoaufruf des TuS Saxonia M\u00fcnster und ruft zur Teilnahme an folgender Veranstaltung auf: Pressemitteilung des TuS Saxonia M\u00fcnster von 1883 e.V. Der Vorstand des TuS Saxonia M\u00fcnster von 1883 e.V. l\u00e4dt am Mittwoch, dem 26.08.2020, ab 16 Uhr im Vorfeld der an diesem Abend stattfindenden letzten Ratssitzung vor der Kommunalwahl [&hellip;]<\/p>\n","protected":false},"author":13,"featured_media":0,"comment_status":"open","ping_status":"open","sticky":false,"template":"","format":"standard","meta":{"ngg_post_thumbnail":0,"footnotes":""},"categories":[1],"tags":[],"class_list":["post-740","post","type-post","status-publish","format-standard","hentry","category-allgemein"],"_links":{"self":[{"href":"https:\/\/www.platanenpower.de\/index.php\/wp-json\/wp\/v2\/posts\/740","targetHints":{"allow":["GET"]}}],"collection":[{"href":"https:\/\/www.platanenpower.de\/index.php\/wp-json\/wp\/v2\/posts"}],"about":[{"href":"https:\/\/www.platanenpower.de\/index.php\/wp-json\/wp\/v2\/types\/post"}],"author":[{"embeddable":true,"href":"https:\/\/www.platanenpower.de\/index.php\/wp-json\/wp\/v2\/users\/13"}],"replies":[{"embeddable":true,"href":"https:\/\/www.platanenpower.de\/index.php\/wp-json\/wp\/v2\/comments?post=740"}],"version-history":[{"count":0,"href":"https:\/\/www.platanenpower.de\/index.php\/wp-json\/wp\/v2\/posts\/740\/revisions"}],"wp:attachment":[{"href":"https:\/\/www.platanenpower.de\/index.php\/wp-json\/wp\/v2\/media?parent=740"}],"wp:term":[{"taxonomy":"category","embeddable":true,"href":"https:\/\/www.platanenpower.de\/index.php\/wp-json\/wp\/v2\/categories?post=740"},{"taxonomy":"post_tag","embeddable":true,"href":"https:\/\/www.platanenpower.de\/index.php\/wp-json\/wp\/v2\/tags?post=740"}],"curies":[{"name":"wp","href":"https:\/\/api.w.org\/{rel}","templated":true}]}}