{"id":434,"date":"2018-05-29T22:09:23","date_gmt":"2018-05-29T20:09:23","guid":{"rendered":"http:\/\/www.platanenpower.de\/?p=434"},"modified":"2018-05-29T22:09:23","modified_gmt":"2018-05-29T20:09:23","slug":"nachbarschaftsfest-platanenpower-auf-dem-hansaplatz-pressemitteilung","status":"publish","type":"post","link":"https:\/\/www.platanenpower.de\/index.php\/2018\/05\/29\/nachbarschaftsfest-platanenpower-auf-dem-hansaplatz-pressemitteilung\/","title":{"rendered":"Nachbarschaftsfest \/\/ Platanenpower auf dem Hansaplatz \/\/ Pressemitteilung"},"content":{"rendered":"<p><span style=\"color: #000000;\"><span style=\"font-family: Arial,serif;\">M\u00fcnster &#8211; Am Samstag, den 2. Juni veranstaltet die Nachbarschaftsinitiative des Hafenviertels, Platanenpower, auf dem Hansaplatz (Schillerstra\u00dfe \/ Ecke Hansaring) ein Nachbarschaftsfest von 14 bis 22 Uhr.<\/span><\/span><\/p>\n<p><span style=\"color: #000000;\"><span style=\"font-family: Arial,serif;\">Hierzu l\u00e4dt die Nachbarschaftsinitiative alle Bewohner des Hansaviertels, aber auch der benachbarten Viertel herzlich ein.<\/span><\/span><\/p>\n<p><span style=\"color: #000000;\"><span style=\"font-family: Arial,serif;\">Die Initiatoren m\u00f6chten bei leckerem Essen und warmen, sowie kalten Getr\u00e4nken die Nachbarschaft noch besser kennen lernen.. F\u00fcr das leibliche Wohl ist also gesorgt. Zudem wird ein vielf\u00e4ltiges Programm aus Kunst und Kultur, verschiedene Workshops und Musik angeboten. Au\u00dferdem gibt ein buntes Programm f\u00fcr Kinder mit Kinderschminken und Clownauftritten.<\/span><\/span><\/p>\n<p><span style=\"color: #000000;\"><span style=\"font-family: Arial,serif;\">Die Nachbarschaftinitiative Platanenpower m\u00f6chte im Rahmen des Nachbarschaftfestes mit den Besuchern die vergangenen Monate, die Baumf\u00e4llung der Platanen und dem Beginn der Bauaktivit\u00e4ten des Hafencenters Revue passieren lassen. Vorrangig m\u00f6chte Platanenpower die W\u00fcnsche der Nachbarn in Bezug auf die Weiterentwicklung des Hansa- und Hafenviertels aufnehmen. Insbesondere ist ein Austausch in Bezug der zu bef\u00fcrchtenden weiteren Baumf\u00e4llungen am Hansa- und Hohenzollernring bis hin zur Ostmarkstra\u00dfe geplant.<\/span><\/span><\/p>\n<p><span style=\"color: #000000;\"><span style=\"font-family: Arial,serif;\">Ein weiteres Anliegen Platanenpowers ist der pers\u00f6nliche Dialog unter den G\u00e4sten zu den zuk\u00fcnftigen Ver\u00e4nderungen, zu denen unter anderem der zunehmende Verkehr und die geplante Bebauung im Viertel durch hochpreisige Wohnungen und dem Hafencenter geh\u00f6ren.<\/span><\/span><\/p>\n","protected":false},"excerpt":{"rendered":"<p>M\u00fcnster &#8211; Am Samstag, den 2. Juni veranstaltet die Nachbarschaftsinitiative des Hafenviertels, Platanenpower, auf dem Hansaplatz (Schillerstra\u00dfe \/ Ecke Hansaring) ein Nachbarschaftsfest von 14 bis 22 Uhr. Hierzu l\u00e4dt die Nachbarschaftsinitiative alle Bewohner des Hansaviertels, aber auch der benachbarten Viertel herzlich ein. Die Initiatoren m\u00f6chten bei leckerem Essen und warmen, sowie kalten Getr\u00e4nken die Nachbarschaft [&hellip;]<\/p>\n","protected":false},"author":13,"featured_media":0,"comment_status":"open","ping_status":"open","sticky":false,"template":"","format":"standard","meta":{"ngg_post_thumbnail":0,"footnotes":""},"categories":[1],"tags":[],"class_list":["post-434","post","type-post","status-publish","format-standard","hentry","category-allgemein"],"_links":{"self":[{"href":"https:\/\/www.platanenpower.de\/index.php\/wp-json\/wp\/v2\/posts\/434","targetHints":{"allow":["GET"]}}],"collection":[{"href":"https:\/\/www.platanenpower.de\/index.php\/wp-json\/wp\/v2\/posts"}],"about":[{"href":"https:\/\/www.platanenpower.de\/index.php\/wp-json\/wp\/v2\/types\/post"}],"author":[{"embeddable":true,"href":"https:\/\/www.platanenpower.de\/index.php\/wp-json\/wp\/v2\/users\/13"}],"replies":[{"embeddable":true,"href":"https:\/\/www.platanenpower.de\/index.php\/wp-json\/wp\/v2\/comments?post=434"}],"version-history":[{"count":0,"href":"https:\/\/www.platanenpower.de\/index.php\/wp-json\/wp\/v2\/posts\/434\/revisions"}],"wp:attachment":[{"href":"https:\/\/www.platanenpower.de\/index.php\/wp-json\/wp\/v2\/media?parent=434"}],"wp:term":[{"taxonomy":"category","embeddable":true,"href":"https:\/\/www.platanenpower.de\/index.php\/wp-json\/wp\/v2\/categories?post=434"},{"taxonomy":"post_tag","embeddable":true,"href":"https:\/\/www.platanenpower.de\/index.php\/wp-json\/wp\/v2\/tags?post=434"}],"curies":[{"name":"wp","href":"https:\/\/api.w.org\/{rel}","templated":true}]}}