{"id":393,"date":"2018-05-25T22:45:17","date_gmt":"2018-05-25T20:45:17","guid":{"rendered":"http:\/\/www.platanenpower.de\/?p=393"},"modified":"2018-05-25T22:45:17","modified_gmt":"2018-05-25T20:45:17","slug":"wem-gehoert-die-stadt-pressemitteilung-vom-25-mai-2018","status":"publish","type":"post","link":"https:\/\/www.platanenpower.de\/index.php\/2018\/05\/25\/wem-gehoert-die-stadt-pressemitteilung-vom-25-mai-2018\/","title":{"rendered":"Wem geh\u00f6rt die Stadt? &#8211; Pressemitteilung vom 25. Mai 2018"},"content":{"rendered":"<p><img loading=\"lazy\" decoding=\"async\" class=\"wp-image-396 aligncenter\" src=\"http:\/\/www.platanenpower.de\/wp-content\/uploads\/2018\/05\/PP_WemgehoertdieStadt-1-300x200.jpg\" alt=\"\" width=\"541\" height=\"361\" srcset=\"https:\/\/www.platanenpower.de\/wp-content\/uploads\/2018\/05\/PP_WemgehoertdieStadt-1-300x200.jpg 300w, https:\/\/www.platanenpower.de\/wp-content\/uploads\/2018\/05\/PP_WemgehoertdieStadt-1-768x512.jpg 768w, https:\/\/www.platanenpower.de\/wp-content\/uploads\/2018\/05\/PP_WemgehoertdieStadt-1-1024x683.jpg 1024w\" sizes=\"auto, (max-width: 541px) 100vw, 541px\" \/><\/p>\n<p>&nbsp;<\/p>\n<p><span style=\"font-family: Times New Roman,serif;\">Am Donnerstag dem 24. Mai 2018 haben sich spontan zirka 70 B\u00fcrger aus dem Hansa- und weiteren benachbarten Vierteln getroffen, um sich am Abend vor dem Bauzaun des geplanten Hafencenters den Film <\/span><span style=\"font-family: Times New Roman,serif;\">&#8222;Wem geh\u00f6rt die Stadt&#8220; gemeinsam anzuschauen. <\/span><\/p>\n<p><span style=\"font-family: Times New Roman,serif;\">In dem Dokumentarfilm beobachtet die K\u00f6lner Filmemacherin Anna Ditges, was passiert, wenn Anwohner <\/span> <span style=\"font-family: Times New Roman,serif;\">einen ihrer letzten alternativen Lebensr\u00e4ume in K\u00f6ln Ehrenfeld am Rande einer dicht bebauten Innenstadt bewahren m\u00f6chten. Investoren und Stadtplaner sehen vor allem ein riesiges ungenutztes Grundst\u00fcck in Bestlage indem vieles entstehen, viel gebaut und vor allem viel Geld verdient werden kann. <\/span><\/p>\n<p><span style=\"font-family: Times New Roman,serif;\">Die Nachbarn des geplanten Hafencenters erkannten viele \u00dcbereinstimmungen mit dem gezeigten Film. Auch sie sind besorgt um den Verlust der Identit\u00e4t ihres Viertels auf Kosten einer Gentrifizierung, die im \u00fcberwiegenden Ma\u00dfe hochpreisigen Wohnraum auf dem ehemaligen Osmogel\u00e4nde und einschneidende weitere nicht erw\u00fcnschte Kommerzialisierung, n\u00e4mlich dem Bau des Hafencenters beinhaltet. <\/span><\/p>\n<p><span style=\"font-family: Times New Roman,serif;\">Diese Aktion m\u00f6chten die Anwesenden als ein Zeichen f\u00fcr eine <\/span><span style=\"font-family: Times New Roman,serif;\">andere, menschlichere Stadt gewertet wissen. <\/span><\/p>\n<p><img loading=\"lazy\" decoding=\"async\" class=\"size-medium wp-image-394 aligncenter\" src=\"http:\/\/www.platanenpower.de\/wp-content\/uploads\/2018\/05\/20180524_212205-300x169.jpg\" alt=\"\" width=\"300\" height=\"169\" srcset=\"https:\/\/www.platanenpower.de\/wp-content\/uploads\/2018\/05\/20180524_212205-300x169.jpg 300w, https:\/\/www.platanenpower.de\/wp-content\/uploads\/2018\/05\/20180524_212205-768x432.jpg 768w, https:\/\/www.platanenpower.de\/wp-content\/uploads\/2018\/05\/20180524_212205-1024x576.jpg 1024w\" sizes=\"auto, (max-width: 300px) 100vw, 300px\" \/><\/p>\n","protected":false},"excerpt":{"rendered":"<p>&nbsp; Am Donnerstag dem 24. Mai 2018 haben sich spontan zirka 70 B\u00fcrger aus dem Hansa- und weiteren benachbarten Vierteln getroffen, um sich am Abend vor dem Bauzaun des geplanten Hafencenters den Film &#8222;Wem geh\u00f6rt die Stadt&#8220; gemeinsam anzuschauen. In dem Dokumentarfilm beobachtet die K\u00f6lner Filmemacherin Anna Ditges, was passiert, wenn Anwohner einen ihrer letzten [&hellip;]<\/p>\n","protected":false},"author":13,"featured_media":0,"comment_status":"open","ping_status":"open","sticky":false,"template":"","format":"standard","meta":{"ngg_post_thumbnail":0,"footnotes":""},"categories":[1],"tags":[],"class_list":["post-393","post","type-post","status-publish","format-standard","hentry","category-allgemein"],"_links":{"self":[{"href":"https:\/\/www.platanenpower.de\/index.php\/wp-json\/wp\/v2\/posts\/393","targetHints":{"allow":["GET"]}}],"collection":[{"href":"https:\/\/www.platanenpower.de\/index.php\/wp-json\/wp\/v2\/posts"}],"about":[{"href":"https:\/\/www.platanenpower.de\/index.php\/wp-json\/wp\/v2\/types\/post"}],"author":[{"embeddable":true,"href":"https:\/\/www.platanenpower.de\/index.php\/wp-json\/wp\/v2\/users\/13"}],"replies":[{"embeddable":true,"href":"https:\/\/www.platanenpower.de\/index.php\/wp-json\/wp\/v2\/comments?post=393"}],"version-history":[{"count":0,"href":"https:\/\/www.platanenpower.de\/index.php\/wp-json\/wp\/v2\/posts\/393\/revisions"}],"wp:attachment":[{"href":"https:\/\/www.platanenpower.de\/index.php\/wp-json\/wp\/v2\/media?parent=393"}],"wp:term":[{"taxonomy":"category","embeddable":true,"href":"https:\/\/www.platanenpower.de\/index.php\/wp-json\/wp\/v2\/categories?post=393"},{"taxonomy":"post_tag","embeddable":true,"href":"https:\/\/www.platanenpower.de\/index.php\/wp-json\/wp\/v2\/tags?post=393"}],"curies":[{"name":"wp","href":"https:\/\/api.w.org\/{rel}","templated":true}]}}