{"id":365,"date":"2018-03-08T20:03:35","date_gmt":"2018-03-08T19:03:35","guid":{"rendered":"http:\/\/www.platanenpower.de\/?p=365"},"modified":"2018-05-21T20:05:25","modified_gmt":"2018-05-21T18:05:25","slug":"hallo-nachbarn-hallo-hansaviertel-hallo-muenster-land","status":"publish","type":"post","link":"https:\/\/www.platanenpower.de\/index.php\/2018\/03\/08\/hallo-nachbarn-hallo-hansaviertel-hallo-muenster-land\/","title":{"rendered":"Hallo Nachbarn\u2013hallo Hansaviertel\u2013hallo M\u00fcnster(-land),"},"content":{"rendered":"<p>Hallo Nachbarn\u2013hallo Hansaviertel\u2013hallo M\u00fcnster(-land),am fr\u00fchen Morgen des 6. M\u00e4rz 2018 konnten wir beobachten, wieunter massivem Aufgebot der Polizei zwei Platanen am Hansaring gef\u00e4llt wurden. Die Stra\u00dfe wurde ohne Vorank\u00fcndigung gesperrt-vermutlich um unseren friedlichen Protest besser unterdr\u00fccken zu k\u00f6nnen \u2013 und die Informationspflicht gegen\u00fcber den Anwohner_innen vernachl\u00e4ssigt, was wir f\u00fcr ein unangemessenes Vorgehen in einer rechtsstaatlichen und b\u00fcrgernahen Demokratie halten. Alternative Vorschl\u00e4ge wurden nicht ber\u00fccksichtigt. Auch wenn diese beiden B\u00e4ume nicht mehr zur\u00fcck zuholen sind, wollen wir weiter Zeichen setzen &#8211; gegen die Stadtentwicklungs- , Verkehrs- und Informationspolitik.<\/p>\n<h2>B\u00e4ume weg &#8211; Vertrauen weg<\/h2>\n<p>Am 7. M\u00e4rz lag unsere Baumscheibe bereits auf den Treppen des Stadthauses 1. Dieses war der erste Streich und der zweite folgt sogleich &#8230;<\/p>\n<p>&nbsp;<\/p>\n<p>Wir wollen weiterhin Fragen stellen, mahnen und unsere Meinungen und W\u00fcnsche kund tun. Wir wollen Perspektiven aufzeigen, wie das Leben in der Stadt gestaltet werden kann. Und dazu geh\u00f6rt auch eine Informationspolitik, bei der direkte Kommunikation eine gro\u00dfe Rolle spielt: bspw. ein Ober b\u00fcrgermeister, der mit seinen B\u00fcrger_innen spricht, anstatt dass stets Vertreter von Stadt und Stadtwerken f\u00fcr ihn den Kopf hinhalten m\u00fcssen. Liebe Nachbarn und Mitmenschen: versammelt euch mit uns am Freitag den 9.3.2018 um 15 Uhr am Hafenplatz 1 , wenn wir die Mahnscheibe vor die Stadtwerke rollen. Wir werden der Platanen gedenken, unsere Meinung zum Ausdruck bringen und zeigen, dass wir weiteres Unrecht versuchen werden zu verhindern. Wir fangen gerade erst an!<\/p>\n<p>Kommt vorbei, bringt eure Gitarre oder Trommel mit . Jede friedliche Idee und Unterst\u00fctzung ist willkommen. Ladet eure Freunde, Familie, Nachbarn und Arbeitskollegen ein. Sie rollt und rollt und rollt: Wenn der \u201eB\u00fcrgermeister der B\u00fcrger\u201c nicht in ins Hansaviertel kommen will, kommt das Viertel zu Ihm. Wir rufen alle M\u00fcnsteraner_innen, die mit dieser Stadtentwicklungs- , Verkehrs- und Informationspolitik unzufrieden sind, zur Protestkundgebung am 14.3.2018 um 16:30 vor dem Rathaus am Prinzipalmarkt auf! Danach wollen wir unsere Vertreter bei der Ratsversammlung\u00a0 besuchen, die unter anderem dar\u00fcber debattieren werden, ob zwei Trinkwasserschutzgebiete in M\u00fcnster aufgel\u00f6st werden sollen.<\/p>\n<p>Platanenpower w\u00e4chst jeden Tag. Seid dabei.<\/p>\n<p>Platanengr\u00fc\u00dfe!<\/p>\n","protected":false},"excerpt":{"rendered":"<p>Hallo Nachbarn\u2013hallo Hansaviertel\u2013hallo M\u00fcnster(-land),am fr\u00fchen Morgen des 6. M\u00e4rz 2018 konnten wir beobachten, wieunter massivem Aufgebot der Polizei zwei Platanen am Hansaring gef\u00e4llt wurden. Die Stra\u00dfe wurde ohne Vorank\u00fcndigung gesperrt-vermutlich um unseren friedlichen Protest besser unterdr\u00fccken zu k\u00f6nnen \u2013 und die Informationspflicht gegen\u00fcber den Anwohner_innen vernachl\u00e4ssigt, was wir f\u00fcr ein unangemessenes Vorgehen in einer rechtsstaatlichen [&hellip;]<\/p>\n","protected":false},"author":13,"featured_media":0,"comment_status":"open","ping_status":"open","sticky":false,"template":"","format":"standard","meta":{"ngg_post_thumbnail":0,"footnotes":""},"categories":[1],"tags":[],"class_list":["post-365","post","type-post","status-publish","format-standard","hentry","category-allgemein"],"_links":{"self":[{"href":"https:\/\/www.platanenpower.de\/index.php\/wp-json\/wp\/v2\/posts\/365","targetHints":{"allow":["GET"]}}],"collection":[{"href":"https:\/\/www.platanenpower.de\/index.php\/wp-json\/wp\/v2\/posts"}],"about":[{"href":"https:\/\/www.platanenpower.de\/index.php\/wp-json\/wp\/v2\/types\/post"}],"author":[{"embeddable":true,"href":"https:\/\/www.platanenpower.de\/index.php\/wp-json\/wp\/v2\/users\/13"}],"replies":[{"embeddable":true,"href":"https:\/\/www.platanenpower.de\/index.php\/wp-json\/wp\/v2\/comments?post=365"}],"version-history":[{"count":0,"href":"https:\/\/www.platanenpower.de\/index.php\/wp-json\/wp\/v2\/posts\/365\/revisions"}],"wp:attachment":[{"href":"https:\/\/www.platanenpower.de\/index.php\/wp-json\/wp\/v2\/media?parent=365"}],"wp:term":[{"taxonomy":"category","embeddable":true,"href":"https:\/\/www.platanenpower.de\/index.php\/wp-json\/wp\/v2\/categories?post=365"},{"taxonomy":"post_tag","embeddable":true,"href":"https:\/\/www.platanenpower.de\/index.php\/wp-json\/wp\/v2\/tags?post=365"}],"curies":[{"name":"wp","href":"https:\/\/api.w.org\/{rel}","templated":true}]}}